{"id":65,"date":"2020-09-28T20:24:32","date_gmt":"2020-09-28T23:24:32","guid":{"rendered":"https:\/\/vitomartin.com\/lcdd\/?p=65"},"modified":"2020-11-18T14:35:39","modified_gmt":"2020-11-18T17:35:39","slug":"historia-de-la-radio","status":"publish","type":"post","link":"https:\/\/vitomartin.com\/lcdd\/historia-de-la-radio\/","title":{"rendered":"Historia de La Colectiva"},"content":{"rendered":"\n<figure class=\"wp-block-image size-large\"><a href=\"https:\/\/vitomartin.com\/lcdd\/wp-content\/uploads\/2020\/10\/header-1.jpg\"><img loading=\"lazy\" decoding=\"async\" width=\"1024\" height=\"356\" src=\"https:\/\/vitomartin.com\/lcdd\/wp-content\/uploads\/2020\/10\/header-1-1024x356.jpg\" alt=\"\" class=\"wp-image-19\" srcset=\"https:\/\/vitomartin.com\/lcdd\/wp-content\/uploads\/2020\/10\/header-1-1024x356.jpg 1024w, https:\/\/vitomartin.com\/lcdd\/wp-content\/uploads\/2020\/10\/header-1-300x104.jpg 300w, https:\/\/vitomartin.com\/lcdd\/wp-content\/uploads\/2020\/10\/header-1-768x267.jpg 768w, https:\/\/vitomartin.com\/lcdd\/wp-content\/uploads\/2020\/10\/header-1-465x161.jpg 465w, https:\/\/vitomartin.com\/lcdd\/wp-content\/uploads\/2020\/10\/header-1-695x241.jpg 695w, https:\/\/vitomartin.com\/lcdd\/wp-content\/uploads\/2020\/10\/header-1.jpg 1440w\" sizes=\"auto, (max-width: 1024px) 100vw, 1024px\" \/><\/a><figcaption>Escuch\u00e1 \u00abLa Colectiva del Delta\u00bb todos los Martes de 16:00 a 18:00 hs.<\/figcaption><\/figure>\n\n\n\n<p>Jere hizo gran cantidad de amigos en la isla, unidos por la naturaleza, el r\u00edo y los buenos momentos. De esas amistades fue creando lazos a\u00fan m\u00e1s fuertes con el territorio. La inspiraci\u00f3n para su obra literaria tambi\u00e9n encontr\u00f3 en la isla una fuente inagotable.<\/p>\n\n\n\n<p>&nbsp;A ra\u00edz de los reconocimientos recibidos por sus libros, fue invitado a una entrevista radial en una FM de Tigre. Luego de una charla al aire que se extendi\u00f3 por m\u00e1s de una hora, el gerente de esa emisora lo invit\u00f3 a sumarse al equipo y realizar un programa propio. Jere no sinti\u00f3 que fuera un proyecto que pudiera protagonizar por falta de experiencia, pero m\u00e1s que nada por creer que su actividad literaria no pod\u00eda alcanzar para poner al aire un programa capaz de atraer audiencia.<\/p>\n\n\n\n<p>&nbsp;Lleg\u00f3 el fin de semana y la an\u00e9cdota de lo ocurrido se sum\u00f3 a la alegr\u00eda con que el grupo de amigos de la isla festejaba cada reuni\u00f3n. En medio de la rueda de risas y entre el humo del asado, Jerem\u00edas comparti\u00f3 los pormenores de la entrevista. Mart\u00edn (uno de esos amigos) lo escuch\u00f3 atentamente y, dejando en libertad un viejo anhelo personal lo mir\u00f3 a Jere y le dijo: \u00abPor qu\u00e9 no? Dale, yo te acompa\u00f1o!\u00bb<\/p>\n\n\n\n<p>&nbsp;Esta fue la semilla a partir de la cual, ambos, sumando voluntad y empe\u00f1o, comenzaron a so\u00f1ar este proyecto. As\u00ed llegaron a Estaci\u00f3n Tigre FM 93.5, y cargados de incertidumbres le contaron a Eugenio Verkuil \u2013director de aquella emisora\u2013 su idea. Eugenio los mir\u00f3, y simplemente les respondi\u00f3: \u00ab\u00bfCu\u00e1ndo empiezan?\u00bb<\/p>\n\n\n\n<p>&nbsp;Y as\u00ed es como, luego de numerosos \u00abrecorridos\u00bb, esfuerzo, voluntad y dedicaci\u00f3n, \u201cLa Colectiva del Delta\u201d se lanz\u00f3 a la aventura de la radio para llevar a sus oyentes todos los contenidos que hoy pod\u00e9s disfrutar, con una idea siempre presente: \u00abllevarte cada vez m\u00e1s lejos&#8230;\u00bb<\/p>\n\n\n\n<p>El tiempo ha pasado y en ese recorrer los r\u00edos y arroyos de la informaci\u00f3n del Delta, Martin decidi\u00f3 desvincularse del programa luego de dos temporadas de sumar \u00e9xito y reconocimiento. \u201cLa Colectiva del Delta\u201d sigui\u00f3 navegando conducida por Jere y un equipo de colaboradores.<\/p>\n\n\n\n<p>Los avatares del destino hicieron que ESTACION TIGRE FM 93.5 dejara de operar. De un d\u00eda para el otro parec\u00eda que \u201cLa Colectiva\u201d se quedaba sin aire, sin embargo, a trav\u00e9s de la intervenci\u00f3n de una amiga y colega, Maria Bradley, locura y voz principal de FM LA BARCA 88.3, nunca se interrumpieron las emisiones del programa, incorpor\u00e1ndonos a la programaci\u00f3n de la emisora sanfernandina, con el mismo esp\u00edritu de siempre. Seg\u00fan la frase acu\u00f1ada en mas de ocho (8) a\u00f1os de trabajo, seguimos MORSE A FONDO, llevando la actualidad isle\u00f1a a la gente de la isla.<\/p>\n\n\n\n<p>Pero la historia no pod\u00eda terminar all\u00ed, ni para nosotros ni para nadie. Llego el 2020, con la pandemia, oblig\u00e1ndonos al aislamiento. Lo que parec\u00eda temporal se extendi\u00f3 indefinidamente y, un poco por coherencia y otro poco por cuidar nuestra salud, decidimos dejar el aire de la FM. Al principio echamos mano de la comunicaci\u00f3n a trav\u00e9s de la redes sociales para mantener a \u201cla Colectiva del Delta\u201d junto a la gente, pero fuimos cayendo en el desgaste emocional que sufre toda la sociedad. Entonces, y de manera casual, apareci\u00f3 Mariana para inyectar nueva fuerza con su contagioso entusiasmo. Pronto la idea de \u201cLa Colectiva del Delta\u201d como un programa de radio nos quedo chica y decidimos convertir la idea germen del programa en UNA RADIO ONLINE.<\/p>\n\n\n\n<p>Surgi\u00f3 LA COLECTIVA DEL DELTA RADIO ONLINE. Un proyecto ambicioso y renovado de comunicaci\u00f3n. Abierto a la comunicaci\u00f3n plural y participativa de todo el Delta en su problem\u00e1tica y diversidad de alternativas. La idea es generar la informaci\u00f3n necesaria y de inter\u00e9s para todos aquellos que tienen compromiso con la vida isle\u00f1a. Una voz plural que debe levantarse para que todas las situaciones que afligen o alegran a los habitantes y amantes del Delta puedan expresarse bajo una \u00fanica consigna: el respeto mutuo.<\/p>\n\n\n\n<p>Es un camino que comienza y lleva en sus entra\u00f1as amor y la necesidad de un aprendizaje que nos permita seguir creciendo. Ser\u00e1 constante la incorporaci\u00f3n de ideas y saberes que nos permitan llegar m\u00e1s y mejor a todos.<\/p>\n\n\n\n<p>La lista de quienes formaron parte del proyecto desde sus comienzos es muy extensa y variada. Evangelina Solis, Jorge Graff, Guardaparques de la Reserva de Biosfera Delta del Paran\u00e1, Maximiliano Porco, Oscar Diaz, Vito Martin, Jose Mar\u00eda Fr\u00edas, Mat\u00edas Casalins y muchos otros que en distintos tiempos y lugares eligieron ser parte de nuestra \u201ctripulaci\u00f3n\u201d. Nuestra gratitud a todos y cada uno de ellos, sin cuyos aportes esta \u201cColectiva\u201d de hoy no hubiera sido posible. Asimismo a quienes eligieron auspiciar nuestro espacio y con cuyos aportes \u201cllenaron el tanque\u201d como para poder seguir navegando.<\/p>\n","protected":false},"excerpt":{"rendered":"<p>Jere hizo gran cantidad de amigos en la isla, unidos por la naturaleza, el r\u00edo y los buenos momentos. De esas amistades fue creando lazos a\u00fan m\u00e1s fuertes con el territorio. La inspiraci\u00f3n para su obra literaria tambi\u00e9n encontr\u00f3 en la isla una fuente inagotable. &nbsp;A ra\u00edz de los reconocimientos<span class=\"more-link\"><a href=\"https:\/\/vitomartin.com\/lcdd\/historia-de-la-radio\/\">Leer m\u00e1s<\/a><\/span><\/p>\n","protected":false},"author":1,"featured_media":54,"comment_status":"open","ping_status":"open","sticky":false,"template":"","format":"standard","meta":{"footnotes":""},"categories":[5],"tags":[],"class_list":["entry","author-admin","post-65","post","type-post","status-publish","format-standard","has-post-thumbnail","category-la-colectiva-del-delta"],"_links":{"self":[{"href":"https:\/\/vitomartin.com\/lcdd\/wp-json\/wp\/v2\/posts\/65","targetHints":{"allow":["GET"]}}],"collection":[{"href":"https:\/\/vitomartin.com\/lcdd\/wp-json\/wp\/v2\/posts"}],"about":[{"href":"https:\/\/vitomartin.com\/lcdd\/wp-json\/wp\/v2\/types\/post"}],"author":[{"embeddable":true,"href":"https:\/\/vitomartin.com\/lcdd\/wp-json\/wp\/v2\/users\/1"}],"replies":[{"embeddable":true,"href":"https:\/\/vitomartin.com\/lcdd\/wp-json\/wp\/v2\/comments?post=65"}],"version-history":[{"count":3,"href":"https:\/\/vitomartin.com\/lcdd\/wp-json\/wp\/v2\/posts\/65\/revisions"}],"predecessor-version":[{"id":338,"href":"https:\/\/vitomartin.com\/lcdd\/wp-json\/wp\/v2\/posts\/65\/revisions\/338"}],"wp:featuredmedia":[{"embeddable":true,"href":"https:\/\/vitomartin.com\/lcdd\/wp-json\/wp\/v2\/media\/54"}],"wp:attachment":[{"href":"https:\/\/vitomartin.com\/lcdd\/wp-json\/wp\/v2\/media?parent=65"}],"wp:term":[{"taxonomy":"category","embeddable":true,"href":"https:\/\/vitomartin.com\/lcdd\/wp-json\/wp\/v2\/categories?post=65"},{"taxonomy":"post_tag","embeddable":true,"href":"https:\/\/vitomartin.com\/lcdd\/wp-json\/wp\/v2\/tags?post=65"}],"curies":[{"name":"wp","href":"https:\/\/api.w.org\/{rel}","templated":true}]}}