{"id":62,"date":"2020-09-29T20:12:17","date_gmt":"2020-09-29T23:12:17","guid":{"rendered":"https:\/\/vitomartin.com\/lcdd\/?p=62"},"modified":"2020-11-18T13:26:46","modified_gmt":"2020-11-18T16:26:46","slug":"fernando-gabriel-vigna-jefe-de-el-astillero","status":"publish","type":"post","link":"https:\/\/vitomartin.com\/lcdd\/fernando-gabriel-vigna-jefe-de-el-astillero\/","title":{"rendered":"Fernando Gabriel Vigna, Jefe de \u00abEl Astillero\u00bb"},"content":{"rendered":"\n<figure class=\"wp-block-image size-large\"><a href=\"https:\/\/vitomartin.com\/lcdd\/wp-content\/uploads\/2020\/10\/astillero-1.jpg\"><img loading=\"lazy\" decoding=\"async\" width=\"1024\" height=\"356\" src=\"https:\/\/vitomartin.com\/lcdd\/wp-content\/uploads\/2020\/10\/astillero-1-1024x356.jpg\" alt=\"\" class=\"wp-image-310\" srcset=\"https:\/\/vitomartin.com\/lcdd\/wp-content\/uploads\/2020\/10\/astillero-1-1024x356.jpg 1024w, https:\/\/vitomartin.com\/lcdd\/wp-content\/uploads\/2020\/10\/astillero-1-300x104.jpg 300w, https:\/\/vitomartin.com\/lcdd\/wp-content\/uploads\/2020\/10\/astillero-1-768x267.jpg 768w, https:\/\/vitomartin.com\/lcdd\/wp-content\/uploads\/2020\/10\/astillero-1-465x161.jpg 465w, https:\/\/vitomartin.com\/lcdd\/wp-content\/uploads\/2020\/10\/astillero-1-695x241.jpg 695w, https:\/\/vitomartin.com\/lcdd\/wp-content\/uploads\/2020\/10\/astillero-1.jpg 1440w\" sizes=\"auto, (max-width: 1024px) 100vw, 1024px\" \/><\/a><figcaption>\u00abEL ASTILLERO\u00bb programa de radio, escuchalo todos los Viernes a partir de las 17:00 hs<\/figcaption><\/figure>\n\n\n\n<p>Fernando conoce el Delta desde antes de aprender a caminar. Esa circunstancia lo \u00abEnferm\u00f3 de Delta\u00bb.<\/p>\n\n\n\n<p>Sus primeros juegos tuvieron que ver con lanchas que imaginaba en cualquier mueble u objeto que en su enso\u00f1aci\u00f3n infantil lo acercara al r\u00edo. Creci\u00f3, complet\u00f3 la secundaria en la localidad de Ituzaing\u00f3, pero toda su vida, hasta la actualidad, se emparent\u00f3 con las islas.<\/p>\n\n\n\n<p>A trav\u00e9s de sus manos comenz\u00f3 a expresar ese amor en forma de maquetas. Las primeras fueron de cart\u00f3n, hasta que pudo trabajar la madera y el pl\u00e1stico con destreza. A partir de una lancha real elegida, comenz\u00f3 a multiplicar su colecci\u00f3n que es ahora conocida a trav\u00e9s de redes sociales y exposiciones p\u00fablicas. Ese contacto con la gente lo impuls\u00f3 a redactar art\u00edculos sobre el tema y a incursionar en programas de radio afines a su pasi\u00f3n isle\u00f1a.<\/p>\n\n\n\n<p>En la actualidad colabora con notas en medios de prensa escrita y es parte de La \u00abcolectiva\u00bb del Delta, para seguir compartiendo, a trav\u00e9s de la radio y la pagina web toda su experiencia y conocimientos en el segmento que ha hecho suyo: \u00abEl astillero\u00bb.<\/p>\n\n\n\n<p>Ha sido, justamente a ra\u00edz de esta participaci\u00f3n que el CIRCULO DE PROFESIONALES DE CIENCIAS ECONOMICAS DE LA PROVINCIA DE BUENOS AIRES le otorg\u00f3 el PREMIO CADUCEO en el a\u00f1o 2018, por su labor radial.<\/p>\n\n\n\n<p>Con la llegada de LA COLECTIVA DEL DELTA \u2013 RADIO ONLINE, era previsible que todo su trabajo de investigaci\u00f3n constante culminara con la realizaci\u00f3n de SU PROPIO PROGRAMA RADIAL, ademas de seguir compartiendo el AIRE DE LA RADIO junto a Jeremias.<\/p>\n","protected":false},"excerpt":{"rendered":"<p>Fernando conoce el Delta desde antes de aprender a caminar. Esa circunstancia lo \u00abEnferm\u00f3 de Delta\u00bb. Sus primeros juegos tuvieron que ver con lanchas que imaginaba en cualquier mueble u objeto que en su enso\u00f1aci\u00f3n infantil lo acercara al r\u00edo. Creci\u00f3, complet\u00f3 la secundaria en la localidad de Ituzaing\u00f3, pero<span class=\"more-link\"><a href=\"https:\/\/vitomartin.com\/lcdd\/fernando-gabriel-vigna-jefe-de-el-astillero\/\">Leer m\u00e1s<\/a><\/span><\/p>\n","protected":false},"author":1,"featured_media":310,"comment_status":"open","ping_status":"open","sticky":false,"template":"","format":"standard","meta":{"footnotes":""},"categories":[5],"tags":[],"class_list":["entry","author-admin","post-62","post","type-post","status-publish","format-standard","has-post-thumbnail","category-la-colectiva-del-delta"],"_links":{"self":[{"href":"https:\/\/vitomartin.com\/lcdd\/wp-json\/wp\/v2\/posts\/62","targetHints":{"allow":["GET"]}}],"collection":[{"href":"https:\/\/vitomartin.com\/lcdd\/wp-json\/wp\/v2\/posts"}],"about":[{"href":"https:\/\/vitomartin.com\/lcdd\/wp-json\/wp\/v2\/types\/post"}],"author":[{"embeddable":true,"href":"https:\/\/vitomartin.com\/lcdd\/wp-json\/wp\/v2\/users\/1"}],"replies":[{"embeddable":true,"href":"https:\/\/vitomartin.com\/lcdd\/wp-json\/wp\/v2\/comments?post=62"}],"version-history":[{"count":2,"href":"https:\/\/vitomartin.com\/lcdd\/wp-json\/wp\/v2\/posts\/62\/revisions"}],"predecessor-version":[{"id":335,"href":"https:\/\/vitomartin.com\/lcdd\/wp-json\/wp\/v2\/posts\/62\/revisions\/335"}],"wp:featuredmedia":[{"embeddable":true,"href":"https:\/\/vitomartin.com\/lcdd\/wp-json\/wp\/v2\/media\/310"}],"wp:attachment":[{"href":"https:\/\/vitomartin.com\/lcdd\/wp-json\/wp\/v2\/media?parent=62"}],"wp:term":[{"taxonomy":"category","embeddable":true,"href":"https:\/\/vitomartin.com\/lcdd\/wp-json\/wp\/v2\/categories?post=62"},{"taxonomy":"post_tag","embeddable":true,"href":"https:\/\/vitomartin.com\/lcdd\/wp-json\/wp\/v2\/tags?post=62"}],"curies":[{"name":"wp","href":"https:\/\/api.w.org\/{rel}","templated":true}]}}