{"id":59,"date":"2020-09-30T20:07:56","date_gmt":"2020-09-30T23:07:56","guid":{"rendered":"https:\/\/vitomartin.com\/lcdd\/?p=59"},"modified":"2020-11-18T12:49:47","modified_gmt":"2020-11-18T15:49:47","slug":"mariana-soca","status":"publish","type":"post","link":"https:\/\/vitomartin.com\/lcdd\/mariana-soca\/","title":{"rendered":"Mariana Soca"},"content":{"rendered":"\n<figure class=\"wp-block-image size-large\"><a href=\"https:\/\/vitomartin.com\/lcdd\/wp-content\/uploads\/2020\/09\/aysa-2.jpg\"><img loading=\"lazy\" decoding=\"async\" width=\"1024\" height=\"575\" src=\"https:\/\/vitomartin.com\/lcdd\/wp-content\/uploads\/2020\/09\/aysa-2-1024x575.jpg\" alt=\"\" class=\"wp-image-485\" srcset=\"https:\/\/vitomartin.com\/lcdd\/wp-content\/uploads\/2020\/09\/aysa-2-1024x575.jpg 1024w, https:\/\/vitomartin.com\/lcdd\/wp-content\/uploads\/2020\/09\/aysa-2-300x169.jpg 300w, https:\/\/vitomartin.com\/lcdd\/wp-content\/uploads\/2020\/09\/aysa-2-768x432.jpg 768w, https:\/\/vitomartin.com\/lcdd\/wp-content\/uploads\/2020\/09\/aysa-2-1536x863.jpg 1536w, https:\/\/vitomartin.com\/lcdd\/wp-content\/uploads\/2020\/09\/aysa-2-465x261.jpg 465w, https:\/\/vitomartin.com\/lcdd\/wp-content\/uploads\/2020\/09\/aysa-2-695x391.jpg 695w, https:\/\/vitomartin.com\/lcdd\/wp-content\/uploads\/2020\/09\/aysa-2.jpg 2000w\" sizes=\"auto, (max-width: 1024px) 100vw, 1024px\" \/><\/a><figcaption>Micro informativos de recorridos. Lunes a Viernes 10:00 y 11:00 hs.<\/figcaption><\/figure>\n\n\n\n<p>Naci\u00f3 en la ciudad de Buenos Aires. Sus estudios estuvieron orientados al Acompa\u00f1amiento Terap\u00e9utico y a la Homeopat\u00eda.<\/p>\n\n\n\n<p>Lleg\u00f3 a la isla como turista, siendo muy joven, disfrutando la casa de fin de semana de sus padres en el R\u00edo Capit\u00e1n. Durante la crisis del 2000, su familia decidi\u00f3 vender todo (negocio y casa) para instalarse definitivamente en la isla.<\/p>\n\n\n\n<p>La pandemia que se hizo protagonista del a\u00f1o 2020 encontr\u00f3 a Mariana fundida en su mundo isle\u00f1o.<\/p>\n\n\n\n<p>Se incorpor\u00f3 a La Colectiva del Delta de manera casual, a trav\u00e9s de la participaci\u00f3n solidaria y cotidiana en las publicaciones que se realizaban. Esto despert\u00f3 la curiosidad y el entusiasmo de Jeremias que la convoc\u00f3 a un compromiso mayor, tanto con el medio como con la isla.<\/p>\n\n\n\n<p>Mariana acept\u00f3 y fue tomando protagonismo con el correr de los d\u00edas, por empe\u00f1o y m\u00e9rito propio hasta convertirse en una eficiente colaboradora generando su espacio protag\u00f3nico. Ha asumido con pasi\u00f3n la tarea de comunicar transform\u00e1ndose en un engranaje importante para el funcionamiento tanto de la radio como de las diferentes redes sociales por las que se informa a la comunidad isle\u00f1a.<\/p>\n\n\n\n<p>Su profesi\u00f3n de acompa\u00f1ante terap\u00e9utico hace que su vida este orientada a lo social y al contacto con la gente. La comunicaci\u00f3n, a trav\u00e9s de la radio, le ha abierto un nuevo espacio para desarrollar esa faceta de su personalidad.<\/p>\n","protected":false},"excerpt":{"rendered":"<p>Naci\u00f3 en la ciudad de Buenos Aires. Sus estudios estuvieron orientados al Acompa\u00f1amiento Terap\u00e9utico y a la Homeopat\u00eda. Lleg\u00f3 a la isla como turista, siendo muy joven, disfrutando la casa de fin de semana de sus padres en el R\u00edo Capit\u00e1n. Durante la crisis del 2000, su familia decidi\u00f3 vender<span class=\"more-link\"><a href=\"https:\/\/vitomartin.com\/lcdd\/mariana-soca\/\">Leer m\u00e1s<\/a><\/span><\/p>\n","protected":false},"author":1,"featured_media":485,"comment_status":"open","ping_status":"open","sticky":false,"template":"","format":"standard","meta":{"footnotes":""},"categories":[5],"tags":[],"class_list":["entry","author-admin","post-59","post","type-post","status-publish","format-standard","has-post-thumbnail","category-la-colectiva-del-delta"],"_links":{"self":[{"href":"https:\/\/vitomartin.com\/lcdd\/wp-json\/wp\/v2\/posts\/59","targetHints":{"allow":["GET"]}}],"collection":[{"href":"https:\/\/vitomartin.com\/lcdd\/wp-json\/wp\/v2\/posts"}],"about":[{"href":"https:\/\/vitomartin.com\/lcdd\/wp-json\/wp\/v2\/types\/post"}],"author":[{"embeddable":true,"href":"https:\/\/vitomartin.com\/lcdd\/wp-json\/wp\/v2\/users\/1"}],"replies":[{"embeddable":true,"href":"https:\/\/vitomartin.com\/lcdd\/wp-json\/wp\/v2\/comments?post=59"}],"version-history":[{"count":3,"href":"https:\/\/vitomartin.com\/lcdd\/wp-json\/wp\/v2\/posts\/59\/revisions"}],"predecessor-version":[{"id":486,"href":"https:\/\/vitomartin.com\/lcdd\/wp-json\/wp\/v2\/posts\/59\/revisions\/486"}],"wp:featuredmedia":[{"embeddable":true,"href":"https:\/\/vitomartin.com\/lcdd\/wp-json\/wp\/v2\/media\/485"}],"wp:attachment":[{"href":"https:\/\/vitomartin.com\/lcdd\/wp-json\/wp\/v2\/media?parent=59"}],"wp:term":[{"taxonomy":"category","embeddable":true,"href":"https:\/\/vitomartin.com\/lcdd\/wp-json\/wp\/v2\/categories?post=59"},{"taxonomy":"post_tag","embeddable":true,"href":"https:\/\/vitomartin.com\/lcdd\/wp-json\/wp\/v2\/tags?post=59"}],"curies":[{"name":"wp","href":"https:\/\/api.w.org\/{rel}","templated":true}]}}