{"id":53,"date":"2020-10-01T19:51:32","date_gmt":"2020-10-01T22:51:32","guid":{"rendered":"https:\/\/vitomartin.com\/lcdd\/?p=53"},"modified":"2020-10-09T14:44:49","modified_gmt":"2020-10-09T17:44:49","slug":"jeremias-wolf","status":"publish","type":"post","link":"https:\/\/vitomartin.com\/lcdd\/jeremias-wolf\/","title":{"rendered":"Jerem\u00edas Wolf"},"content":{"rendered":"\n<figure class=\"wp-block-image size-large\"><a href=\"https:\/\/vitomartin.com\/lcdd\/wp-content\/uploads\/2020\/10\/header-1.jpg\"><img loading=\"lazy\" decoding=\"async\" width=\"1024\" height=\"356\" src=\"https:\/\/vitomartin.com\/lcdd\/wp-content\/uploads\/2020\/10\/header-1-1024x356.jpg\" alt=\"\" class=\"wp-image-19\" srcset=\"https:\/\/vitomartin.com\/lcdd\/wp-content\/uploads\/2020\/10\/header-1-1024x356.jpg 1024w, https:\/\/vitomartin.com\/lcdd\/wp-content\/uploads\/2020\/10\/header-1-300x104.jpg 300w, https:\/\/vitomartin.com\/lcdd\/wp-content\/uploads\/2020\/10\/header-1-768x267.jpg 768w, https:\/\/vitomartin.com\/lcdd\/wp-content\/uploads\/2020\/10\/header-1-465x161.jpg 465w, https:\/\/vitomartin.com\/lcdd\/wp-content\/uploads\/2020\/10\/header-1-695x241.jpg 695w, https:\/\/vitomartin.com\/lcdd\/wp-content\/uploads\/2020\/10\/header-1.jpg 1440w\" sizes=\"auto, (max-width: 1024px) 100vw, 1024px\" \/><\/a><figcaption>Escuch\u00e1 \u00abLa Colectiva del Delta\u00bb, todos los Martes de 16:00 a 18:00 hs.<\/figcaption><\/figure>\n\n\n\n<p>Luego de terminar\u00a0 los estudios secundarios, recibi\u00e9ndose de T\u00e9cnico Qu\u00edmico, Jerem\u00edas dej\u00f3 el mundo de los tubos de ensayo e ingres\u00f3 al de la inform\u00e1tica, logrando en este campo su \u00e9xito profesional.<\/p>\n\n\n\n<p>Mientras tanto, la literatura, que hab\u00eda germinado en \u00e9l durante la adolescencia sigui\u00f3 dando fruto tras fruto. As\u00ed lleg\u00f3 a editar en el a\u00f1o 2009 su primer libro (\u00abBreves historias para los d\u00edas de la vida\u00bb) con el que obtuvo varios reconocimientos. Posteriormente, en el a\u00f1o 2012, edita su primer poemario (\u00abPoes\u00eda desde el r\u00edo\u00bb). Durante el 2016 public\u00f3 un nuevo libro de cuentos, \u00abAlas sin amor\u00bb, realizando la presentaci\u00f3n del mismo en los municipios de Tigre y San Fernando. Fue Tesorero del Circulo de Escritores \u00abAtilio Betti\u00bb de San Fernando. Su primer novela, \u00abLa herencia\u00bb, esta lista para ser publicada, luego de haber participado en los Premios Clar\u00edn. A este texto se han sumado dos novelas mas, parte de una saga de tres, \u201cLa otra herencia\u201d y \u201cEl heredero\u201d. Mientras sigue febrilmente sumando material pendiente de edici\u00f3n (otro libro de cuentos, uno de micro relatos y un nuevo poemario).<\/p>\n\n\n\n<p>Su amor por el delta tiene ra\u00edces familiares, ya que su padre fue propietario de una casa en la isla, de la cual Jerem\u00edas desconoci\u00f3 la existencia hasta sus 50 a\u00f1os, en oportunidad de reencontrarse con su hermana. Ella le transmiti\u00f3 la parte de la historia familiar que \u00e9l desconoc\u00eda, y que da raz\u00f3n y esencia al amor profundo que siente por ese lugar del que se siente parte por pasi\u00f3n, historia y elecci\u00f3n.<\/p>\n\n\n\n<p>La literatura y la radio, junto al escenario omnipresente del delta son eje de sus pasiones.<\/p>\n","protected":false},"excerpt":{"rendered":"<p>Luego de terminar\u00a0 los estudios secundarios, recibi\u00e9ndose de T\u00e9cnico Qu\u00edmico, Jerem\u00edas dej\u00f3 el mundo de los tubos de ensayo e ingres\u00f3 al de la inform\u00e1tica, logrando en este campo su \u00e9xito profesional. Mientras tanto, la literatura, que hab\u00eda germinado en \u00e9l durante la adolescencia sigui\u00f3 dando fruto tras fruto. As\u00ed<span class=\"more-link\"><a href=\"https:\/\/vitomartin.com\/lcdd\/jeremias-wolf\/\">Leer m\u00e1s<\/a><\/span><\/p>\n","protected":false},"author":1,"featured_media":54,"comment_status":"open","ping_status":"open","sticky":false,"template":"","format":"standard","meta":{"footnotes":""},"categories":[5],"tags":[],"class_list":["entry","author-admin","post-53","post","type-post","status-publish","format-standard","has-post-thumbnail","category-la-colectiva-del-delta"],"_links":{"self":[{"href":"https:\/\/vitomartin.com\/lcdd\/wp-json\/wp\/v2\/posts\/53","targetHints":{"allow":["GET"]}}],"collection":[{"href":"https:\/\/vitomartin.com\/lcdd\/wp-json\/wp\/v2\/posts"}],"about":[{"href":"https:\/\/vitomartin.com\/lcdd\/wp-json\/wp\/v2\/types\/post"}],"author":[{"embeddable":true,"href":"https:\/\/vitomartin.com\/lcdd\/wp-json\/wp\/v2\/users\/1"}],"replies":[{"embeddable":true,"href":"https:\/\/vitomartin.com\/lcdd\/wp-json\/wp\/v2\/comments?post=53"}],"version-history":[{"count":2,"href":"https:\/\/vitomartin.com\/lcdd\/wp-json\/wp\/v2\/posts\/53\/revisions"}],"predecessor-version":[{"id":339,"href":"https:\/\/vitomartin.com\/lcdd\/wp-json\/wp\/v2\/posts\/53\/revisions\/339"}],"wp:featuredmedia":[{"embeddable":true,"href":"https:\/\/vitomartin.com\/lcdd\/wp-json\/wp\/v2\/media\/54"}],"wp:attachment":[{"href":"https:\/\/vitomartin.com\/lcdd\/wp-json\/wp\/v2\/media?parent=53"}],"wp:term":[{"taxonomy":"category","embeddable":true,"href":"https:\/\/vitomartin.com\/lcdd\/wp-json\/wp\/v2\/categories?post=53"},{"taxonomy":"post_tag","embeddable":true,"href":"https:\/\/vitomartin.com\/lcdd\/wp-json\/wp\/v2\/tags?post=53"}],"curies":[{"name":"wp","href":"https:\/\/api.w.org\/{rel}","templated":true}]}}