{"id":120,"date":"2020-10-03T18:25:49","date_gmt":"2020-10-03T21:25:49","guid":{"rendered":"https:\/\/vitomartin.com\/lcdd\/?p=120"},"modified":"2020-10-03T18:57:57","modified_gmt":"2020-10-03T21:57:57","slug":"historia-interislena","status":"publish","type":"post","link":"https:\/\/vitomartin.com\/lcdd\/historia-interislena\/","title":{"rendered":"Historia de la Interisle\u00f1a"},"content":{"rendered":"\n<figure class=\"wp-block-image size-large\"><a href=\"https:\/\/vitomartin.com\/lcdd\/wp-content\/uploads\/2020\/10\/zinterislena.jpg\"><img loading=\"lazy\" decoding=\"async\" width=\"800\" height=\"800\" src=\"https:\/\/vitomartin.com\/lcdd\/wp-content\/uploads\/2020\/10\/zinterislena.jpg\" alt=\"\" class=\"wp-image-102\" srcset=\"https:\/\/vitomartin.com\/lcdd\/wp-content\/uploads\/2020\/10\/zinterislena.jpg 800w, https:\/\/vitomartin.com\/lcdd\/wp-content\/uploads\/2020\/10\/zinterislena-300x300.jpg 300w, https:\/\/vitomartin.com\/lcdd\/wp-content\/uploads\/2020\/10\/zinterislena-150x150.jpg 150w, https:\/\/vitomartin.com\/lcdd\/wp-content\/uploads\/2020\/10\/zinterislena-768x768.jpg 768w, https:\/\/vitomartin.com\/lcdd\/wp-content\/uploads\/2020\/10\/zinterislena-465x465.jpg 465w, https:\/\/vitomartin.com\/lcdd\/wp-content\/uploads\/2020\/10\/zinterislena-500x500.jpg 500w\" sizes=\"auto, (max-width: 800px) 100vw, 800px\" \/><\/a><figcaption>Transporte de Pasajeros Interisle\u00f1a s.a.c.i.<\/figcaption><\/figure>\n\n\n\n<p>Seg\u00fan el discurso pronunciado por <em><strong>Vicente ABAD<\/strong><\/em> al cumplirse el primer a\u00f1o de la existencia de <strong>INTERISLE\u00d1A S.R.L.<\/strong> la proposici\u00f3n de formar dicha sociedad fue de <strong><em>Mario BUSSATTO<\/em><\/strong>.&nbsp; En las reuniones previas a la formaci\u00f3n de la empresa participaron <strong><em>SCARAMPI<\/em><\/strong>, <strong><em>BUSSATTO<\/em><\/strong>, <strong><em>EGEA<\/em><\/strong>, <strong><em>G\u00c1NDOLA<\/em><\/strong>, <strong><em>D\u2019ANGELO<\/em><\/strong>, <strong><em>AZURMENDI<\/em><\/strong>, <strong><em>FERREMI<\/em><\/strong>, <strong><em>PASTORINO<\/em><\/strong>, y los hermanos <strong><em>AZZARI<\/em><\/strong>.<\/p>\n\n\n\n<p>As\u00ed el <strong>1 de mayo de 1948<\/strong> qued\u00f3 conformado el directorio de la nueva empresa llamada <strong>INTERISLE\u00d1A S.R.L.<\/strong> Los miembros fueron: <strong><em>ABAD<\/em><\/strong>, <strong><em>AZURMENDI<\/em><\/strong>, <strong><em>PASTORINO<\/em><\/strong>, <strong><em>FERREMI<\/em><\/strong>, <strong><em>AZZARI<\/em><\/strong>, <strong><em>URRIZA<\/em><\/strong>, <strong><em>DUVIELH<\/em> <\/strong>y los hermanos <strong><em>GIANETTO<\/em> <\/strong>(estos \u00faltimos eran propietarios de un astillero y varadero ubicado en la margen izquierda del r\u00edo Luj\u00e1n, frente al Puerto de Frutos de Tigre, con actividad desde 1935). Con esta estructura, <strong>INTERISLE\u00d1A<\/strong> funcion\u00f3 por varias d\u00e9cadas.<\/p>\n\n\n\n<p>Durante el mismo a\u00f1o (1948) la empresa transport\u00f3 seiscientos mil pasajeros y las embarcaciones recorrieron una distancia equivalente a doce vueltas al mundo.&nbsp; Ten\u00eda un personal de setenta personas y la flota estaba compuesta por veinticuatro lanchas que atend\u00edan siete rutas. Paulatinamente estos miembros fueron vendiendo sus acciones.<\/p>\n","protected":false},"excerpt":{"rendered":"<p>Seg\u00fan el discurso pronunciado por Vicente ABAD al cumplirse el primer a\u00f1o de la existencia de INTERISLE\u00d1A S.R.L. la proposici\u00f3n de formar dicha sociedad fue de Mario BUSSATTO.&nbsp; En las reuniones previas a la formaci\u00f3n de la empresa participaron SCARAMPI, BUSSATTO, EGEA, G\u00c1NDOLA, D\u2019ANGELO, AZURMENDI, FERREMI, PASTORINO, y los hermanos<span class=\"more-link\"><a href=\"https:\/\/vitomartin.com\/lcdd\/historia-interislena\/\">Leer m\u00e1s<\/a><\/span><\/p>\n","protected":false},"author":1,"featured_media":102,"comment_status":"open","ping_status":"open","sticky":false,"template":"","format":"standard","meta":{"footnotes":""},"categories":[9],"tags":[],"class_list":["entry","author-admin","post-120","post","type-post","status-publish","format-standard","has-post-thumbnail","category-interislena"],"_links":{"self":[{"href":"https:\/\/vitomartin.com\/lcdd\/wp-json\/wp\/v2\/posts\/120","targetHints":{"allow":["GET"]}}],"collection":[{"href":"https:\/\/vitomartin.com\/lcdd\/wp-json\/wp\/v2\/posts"}],"about":[{"href":"https:\/\/vitomartin.com\/lcdd\/wp-json\/wp\/v2\/types\/post"}],"author":[{"embeddable":true,"href":"https:\/\/vitomartin.com\/lcdd\/wp-json\/wp\/v2\/users\/1"}],"replies":[{"embeddable":true,"href":"https:\/\/vitomartin.com\/lcdd\/wp-json\/wp\/v2\/comments?post=120"}],"version-history":[{"count":3,"href":"https:\/\/vitomartin.com\/lcdd\/wp-json\/wp\/v2\/posts\/120\/revisions"}],"predecessor-version":[{"id":140,"href":"https:\/\/vitomartin.com\/lcdd\/wp-json\/wp\/v2\/posts\/120\/revisions\/140"}],"wp:featuredmedia":[{"embeddable":true,"href":"https:\/\/vitomartin.com\/lcdd\/wp-json\/wp\/v2\/media\/102"}],"wp:attachment":[{"href":"https:\/\/vitomartin.com\/lcdd\/wp-json\/wp\/v2\/media?parent=120"}],"wp:term":[{"taxonomy":"category","embeddable":true,"href":"https:\/\/vitomartin.com\/lcdd\/wp-json\/wp\/v2\/categories?post=120"},{"taxonomy":"post_tag","embeddable":true,"href":"https:\/\/vitomartin.com\/lcdd\/wp-json\/wp\/v2\/tags?post=120"}],"curies":[{"name":"wp","href":"https:\/\/api.w.org\/{rel}","templated":true}]}}